{"id":441,"date":"2025-05-09T14:30:39","date_gmt":"2025-05-09T12:30:39","guid":{"rendered":"https:\/\/www.bezgmo.cz\/?p=441"},"modified":"2025-05-09T14:39:23","modified_gmt":"2025-05-09T12:39:23","slug":"nemecka-spolecnost-vlog-uznala-standard-bez-gmo","status":"publish","type":"post","link":"https:\/\/www.bezgmo.cz\/?p=441","title":{"rendered":"N\u011bmeck\u00e1 spole\u010dnost VLOG uznala Standard \u201eBez GMO\u201c."},"content":{"rendered":"\n<h3 class=\"wp-block-heading\"><strong>N\u011bmeck\u00e1 spole\u010dnost VLOG uznala Standard \u201eBez GMO\u201c vlastn\u011bn\u00fd Spolkem pro komodity a krmiva.&nbsp;<\/strong><\/h3>\n\n\n\n<p>S velkou radost\u00ed v\u00e1s t\u00edmto informujeme, \u017ee na konci roku 2020 jsme doc\u00edlili, po usilovn\u00e9 a intenzivn\u00ed ro\u010dn\u00ed pr\u00e1ci, &nbsp;vz\u00e1jemn\u00e9 uzn\u00e1n\u00ed Standardu \u201eBez GMO\u201c a Standardu VLOG \u201eOhne Gentechnik\u201c.<\/p>\n\n\n\n<p>Na konci roku 2020 byl tedy Standard \u201eBez GMO\u201c, verze 2.0 ze strany spole\u010dnosti VLOG \u201euzn\u00e1n jako rovnocenn\u00fd\u201c.<\/p>\n\n\n\n<p>N\u00e1vazn\u011b na to, v lednu 2021, &nbsp;byla uzav\u0159ena \u0159\u00e1dn\u00e1 smlouva mezi SKK a VLOG o vz\u00e1jemn\u00e9m uzn\u00e1n\u00ed obou Standard\u016f.<\/p>\n\n\n\n<p>Informace o uzn\u00e1n\u00ed Standardu \u201eBez GMO\u201c, verze 2.0 byly uve\u0159ejn\u011bny na webov\u00fdch str\u00e1nk\u00e1ch VLOG v seznamu uznan\u00fdch Standard\u016f:&nbsp;<a href=\"https:\/\/www.ohnegentechnik.org\/fileadmin\/user_upload\/01_unternehmen\/e_standards\/e1_der_vlog_standard\/Further_Documents\/Standards_recognised_as_equivalent.pdf\">Standards_recognised_as_equivalent.pdf (ohnegentechnik.org)<\/a><\/p>\n\n\n\n<p>Pro komplexnost a p\u0159ehled zde pro v\u00e1s uv\u00e1d\u00edme n\u011bkolik d\u016fle\u017eit\u00fdch informac\u00ed:<\/p>\n\n\n\n<ul class=\"wp-block-list\">\n<li>Zve\u0159ejn\u011bn\u00ed nov\u00e9ho zn\u011bn\u00ed Standardu bylo provedeno k\u00a0datu \u00a01. 1. 2021 na webov\u00fdch str\u00e1nk\u00e1ch\u00a0<a href=\"http:\/\/www.bezgmo.cz\/\">bezgmo.cz<\/a>\u00a0v sekci Dokumenty a Loga Standardu.<\/li>\n\n\n\n<li>Nov\u00e9 vyd\u00e1n\u00ed Standardu uznan\u00e9 VLOG bylo platn\u00e9 od data 1. 1. 2021 s p\u0159echodov\u00fdm obdob\u00edm do 30. 6. 2021, kdy byla ukon\u010dena platnost Standardu Bez GMO verze 1.0 a p\u016fvodn\u00ed Standard byl t\u00edmto zru\u0161en.<\/li>\n\n\n\n<li>St\u00e1vaj\u00edc\u00ed certifikovan\u00e9 spole\u010dnosti musely do data 30. 6. 2021 zav\u00e9st po\u017eadavky Standardu \u201eBez GMO\u201c verze 2.0.<\/li>\n\n\n\n<li>Certifik\u00e1ty vydan\u00e9 podle p\u0159ede\u0161l\u00e9 verze Standardu (verze 1.0) z\u016fstaly v platnosti do data platnosti uveden\u00e9ho na certifik\u00e1tu, av\u0161ak nebyly uzn\u00e1ny jako rovnocenn\u00e9.<\/li>\n<\/ul>\n\n\n\n<hr class=\"wp-block-separator has-text-color has-vivid-green-cyan-color has-alpha-channel-opacity has-vivid-green-cyan-background-color has-background\"\/>\n\n\n\n<p>Aktu\u00e1ln\u011b byla vyd\u00e1na a zv\u011b\u0159ejn\u011bna aktualizace standardu Bez GMO, kter\u00fd je platn\u00fd od 1.7.2025 &#8211; revize standardu navazuje na zm\u011bny v dokumentaci VLOG a sjednocen\u00ed hlavn\u00edch zm\u011bn v po\u017eadavc\u00edch.<\/p>\n\n\n\n<p>Pro dal\u0161\u00ed,\u00a0bli\u017e\u0161\u00ed informace kontaktujte kdykoli SKK nebo p\u0159\u00edmo v\u00e1\u0161 certifika\u010dn\u00ed org\u00e1n.<\/p>\n\n\n\n<hr class=\"wp-block-separator has-text-color has-vivid-green-cyan-color has-alpha-channel-opacity has-vivid-green-cyan-background-color has-background\"\/>\n\n\n\n<p>Standard &#8222;Bez GMO&#8220;, verze 2.1 je k dispozici&nbsp;<a href=\"https:\/\/www.bezgmo.cz\/?p=196\" target=\"_blank\" rel=\"noreferrer noopener\">zde<\/a>&nbsp;a Standard Bez GMO (verze 2.0) v Anglick\u00e9 verzi&nbsp;<a href=\"https:\/\/www.bezgmo.cz\/?p=125&amp;lang=en\">zde<\/a><\/p>\n\n\n\n<p><\/p>\n","protected":false},"excerpt":{"rendered":"<p>N\u011bmeck\u00e1 spole\u010dnost VLOG uznala Standard \u201eBez GMO\u201c vlastn\u011bn\u00fd Spolkem pro komodity a krmiva.&nbsp; S velkou radost\u00ed v\u00e1s t\u00edmto informujeme, \u017ee na konci roku 2020 jsme doc\u00edlili, po usilovn\u00e9 a intenzivn\u00ed ro\u010dn\u00ed pr\u00e1ci, &nbsp;vz\u00e1jemn\u00e9 uzn\u00e1n\u00ed Standardu \u201eBez GMO\u201c a Standardu VLOG \u201eOhne Gentechnik\u201c. Na konci roku 2020 byl tedy Standard \u201eBez GMO\u201c, verze 2.0 ze strany &hellip; <a href=\"https:\/\/www.bezgmo.cz\/?p=441\" class=\"more-link\">Continue reading<span class=\"screen-reader-text\"> &#8222;N\u011bmeck\u00e1 spole\u010dnost VLOG uznala Standard \u201eBez GMO\u201c.&#8220;<\/span><\/a><\/p>\n","protected":false},"author":1,"featured_media":0,"comment_status":"closed","ping_status":"open","sticky":false,"template":"","format":"standard","meta":{"footnotes":""},"categories":[41],"tags":[],"class_list":["post-441","post","type-post","status-publish","format-standard","hentry","category-aktuality"],"_links":{"self":[{"href":"https:\/\/www.bezgmo.cz\/index.php?rest_route=\/wp\/v2\/posts\/441","targetHints":{"allow":["GET"]}}],"collection":[{"href":"https:\/\/www.bezgmo.cz\/index.php?rest_route=\/wp\/v2\/posts"}],"about":[{"href":"https:\/\/www.bezgmo.cz\/index.php?rest_route=\/wp\/v2\/types\/post"}],"author":[{"embeddable":true,"href":"https:\/\/www.bezgmo.cz\/index.php?rest_route=\/wp\/v2\/users\/1"}],"replies":[{"embeddable":true,"href":"https:\/\/www.bezgmo.cz\/index.php?rest_route=%2Fwp%2Fv2%2Fcomments&post=441"}],"version-history":[{"count":2,"href":"https:\/\/www.bezgmo.cz\/index.php?rest_route=\/wp\/v2\/posts\/441\/revisions"}],"predecessor-version":[{"id":444,"href":"https:\/\/www.bezgmo.cz\/index.php?rest_route=\/wp\/v2\/posts\/441\/revisions\/444"}],"wp:attachment":[{"href":"https:\/\/www.bezgmo.cz\/index.php?rest_route=%2Fwp%2Fv2%2Fmedia&parent=441"}],"wp:term":[{"taxonomy":"category","embeddable":true,"href":"https:\/\/www.bezgmo.cz\/index.php?rest_route=%2Fwp%2Fv2%2Fcategories&post=441"},{"taxonomy":"post_tag","embeddable":true,"href":"https:\/\/www.bezgmo.cz\/index.php?rest_route=%2Fwp%2Fv2%2Ftags&post=441"}],"curies":[{"name":"wp","href":"https:\/\/api.w.org\/{rel}","templated":true}]}}